{"id":747,"date":"2023-01-13T15:08:47","date_gmt":"2023-01-13T14:08:47","guid":{"rendered":"https:\/\/braan.bzh\/?p=747"},"modified":"2023-01-13T15:45:12","modified_gmt":"2023-01-13T14:45:12","slug":"live-a-france-bleu-breizh-izel","status":"publish","type":"post","link":"http:\/\/braan.bzh\/en\/live-a-france-bleu-breizh-izel\/","title":{"rendered":"Live \u00e0 France Bleu Breizh Izel"},"content":{"rendered":"<p>Nous \u00e9tions en direct \u00e0 France Bleu Breizh Izel, ce mercredi 19 janvier. <\/p>\n\n\n\n<p>Pour \u00e9couter le podcast de l&rsquo;\u00e9mission: <\/p>\n\n\n\n<figure class=\"wp-block-audio\"><audio controls src=\"https:\/\/braan.bzh\/wp-content\/uploads\/2023\/01\/ITW_BRAAN-BRAAN-NET_bf5036bd-0fd7-474f-bb88-affa25352c01_R29A.m4a\"><\/audio><\/figure>","protected":false},"excerpt":{"rendered":"<p>Nous \u00e9tions en direct \u00e0 France Bleu Breizh Izel, ce mercredi 19 janvier. Pour \u00e9couter le podcast de l&rsquo;\u00e9mission:<\/p>","protected":false},"author":1,"featured_media":749,"comment_status":"open","ping_status":"open","sticky":false,"template":"","format":"standard","meta":{"tdm_status":"","tdm_grid_status":"","footnotes":""},"categories":[43],"tags":[],"class_list":{"0":"post-747","1":"post","2":"type-post","3":"status-publish","4":"format-standard","5":"has-post-thumbnail","7":"category-presse"},"_links":{"self":[{"href":"http:\/\/braan.bzh\/en\/wp-json\/wp\/v2\/posts\/747","targetHints":{"allow":["GET"]}}],"collection":[{"href":"http:\/\/braan.bzh\/en\/wp-json\/wp\/v2\/posts"}],"about":[{"href":"http:\/\/braan.bzh\/en\/wp-json\/wp\/v2\/types\/post"}],"author":[{"embeddable":true,"href":"http:\/\/braan.bzh\/en\/wp-json\/wp\/v2\/users\/1"}],"replies":[{"embeddable":true,"href":"http:\/\/braan.bzh\/en\/wp-json\/wp\/v2\/comments?post=747"}],"version-history":[{"count":4,"href":"http:\/\/braan.bzh\/en\/wp-json\/wp\/v2\/posts\/747\/revisions"}],"predecessor-version":[{"id":780,"href":"http:\/\/braan.bzh\/en\/wp-json\/wp\/v2\/posts\/747\/revisions\/780"}],"wp:featuredmedia":[{"embeddable":true,"href":"http:\/\/braan.bzh\/en\/wp-json\/wp\/v2\/media\/749"}],"wp:attachment":[{"href":"http:\/\/braan.bzh\/en\/wp-json\/wp\/v2\/media?parent=747"}],"wp:term":[{"taxonomy":"category","embeddable":true,"href":"http:\/\/braan.bzh\/en\/wp-json\/wp\/v2\/categories?post=747"},{"taxonomy":"post_tag","embeddable":true,"href":"http:\/\/braan.bzh\/en\/wp-json\/wp\/v2\/tags?post=747"}],"curies":[{"name":"wp","href":"https:\/\/api.w.org\/{rel}","templated":true}]}}